{"id":6751,"date":"2016-09-28T15:43:40","date_gmt":"2016-09-28T13:43:40","guid":{"rendered":"http:\/\/www.hortech.it\/fr\/hortech-sara-presente-alla-fiera-fruit-attraction-madrid-dal-5-al-7-ottobre-2016\/"},"modified":"2016-09-28T15:58:56","modified_gmt":"2016-09-28T13:58:56","slug":"hortech-sera-present-a-la-foire-fruit-attraction-a-madrid-espagne-du-5-au-7-octobre-2016","status":"publish","type":"post","link":"https:\/\/www.hortech.it\/fr\/hortech-sera-present-a-la-foire-fruit-attraction-a-madrid-espagne-du-5-au-7-octobre-2016\/","title":{"rendered":"Hortech sera pr\u00e9sent \u00e0 la foire FRUIT ATTRACTION \u00e0 Madrid (Espagne) du 5 au 7 Octobre 2016"},"content":{"rendered":"<p>Hortech sera pr\u00e9sent \u00e0 la foire <strong>FRUIT ATTRACTION<\/strong><strong>\u00a0<\/strong>\u00e0 Madrid (Espagne) du <b>5<\/b>\u00a0au 7<strong>\u00a0Octobre<strong>\u00a0<\/strong>2016<\/strong>\u00a0(Pavillon 8, stand D14B).<strong>\u00a0<\/strong><br \/>\nPour des renseignements suppl\u00e9mentaires, s\u2019il Vous plait, visitez le site internet <a href=\"http:\/\/www.ifema.es\/fruitattraction_06\/\">www.ifema.es\/fruitattraction_06\/<\/a><\/p>\n","protected":false},"excerpt":{"rendered":"<p>Hortech sera pr\u00e9sent \u00e0 la foire FRUIT ATTRACTION\u00a0\u00e0 Madrid (Espagne) du 5\u00a0au 7\u00a0Octobre\u00a02016\u00a0(Pavillon 8, stand D14B).\u00a0 Pour des renseignements suppl\u00e9mentaires, s\u2019il Vous plait, visitez le site internet www.ifema.es\/fruitattraction_06\/<\/p>\n","protected":false},"author":3,"featured_media":6746,"comment_status":"open","ping_status":"open","sticky":false,"template":"","format":"standard","meta":{"_acf_changed":false,"footnotes":""},"categories":[23],"tags":[],"class_list":["post-6751","post","type-post","status-publish","format-standard","has-post-thumbnail","hentry","category-nouvelles"],"acf":[],"_links":{"self":[{"href":"https:\/\/www.hortech.it\/fr\/wp-json\/wp\/v2\/posts\/6751","targetHints":{"allow":["GET"]}}],"collection":[{"href":"https:\/\/www.hortech.it\/fr\/wp-json\/wp\/v2\/posts"}],"about":[{"href":"https:\/\/www.hortech.it\/fr\/wp-json\/wp\/v2\/types\/post"}],"author":[{"embeddable":true,"href":"https:\/\/www.hortech.it\/fr\/wp-json\/wp\/v2\/users\/3"}],"replies":[{"embeddable":true,"href":"https:\/\/www.hortech.it\/fr\/wp-json\/wp\/v2\/comments?post=6751"}],"version-history":[{"count":3,"href":"https:\/\/www.hortech.it\/fr\/wp-json\/wp\/v2\/posts\/6751\/revisions"}],"predecessor-version":[{"id":6761,"href":"https:\/\/www.hortech.it\/fr\/wp-json\/wp\/v2\/posts\/6751\/revisions\/6761"}],"wp:featuredmedia":[{"embeddable":true,"href":"https:\/\/www.hortech.it\/fr\/wp-json\/wp\/v2\/media\/6746"}],"wp:attachment":[{"href":"https:\/\/www.hortech.it\/fr\/wp-json\/wp\/v2\/media?parent=6751"}],"wp:term":[{"taxonomy":"category","embeddable":true,"href":"https:\/\/www.hortech.it\/fr\/wp-json\/wp\/v2\/categories?post=6751"},{"taxonomy":"post_tag","embeddable":true,"href":"https:\/\/www.hortech.it\/fr\/wp-json\/wp\/v2\/tags?post=6751"}],"curies":[{"name":"wp","href":"https:\/\/api.w.org\/{rel}","templated":true}]}}